{"id":85,"date":"2015-09-15T20:43:37","date_gmt":"2015-09-15T18:43:37","guid":{"rendered":"http:\/\/www.miam.cooking\/?p=85"},"modified":"2020-10-15T20:45:00","modified_gmt":"2020-10-15T18:45:00","slug":"moelleux-orange-amandes","status":"publish","type":"post","link":"https:\/\/www.miam.cooking\/index.php\/2015\/09\/15\/moelleux-orange-amandes\/","title":{"rendered":"MOELLEUX ORANGE-AMANDES"},"content":{"rendered":"\n<p>Pour le moelleux:<\/p>\n\n\n\n<ul><li>250 g de beurre<\/li><li>4 \u0153ufs<\/li><li>250 g de farine<\/li><li>250 g de sucre<\/li><li>125 g de poudre d\u2019amandes<\/li><li>1 sachet de levure \u00e0 p\u00e2tisserie<\/li><li>1 sachet de sucre vanill\u00e9<\/li><li>le jus d\u2019une orange bien m\u00fbre<\/li><li>1 pinc\u00e9e de sel<\/li><\/ul>\n\n\n\n<p>Pour le gla\u00e7age&nbsp;:<\/p>\n\n\n\n<ul><li>150 g de sucre glace<\/li><li>le jus d\u2019une orange<\/li><\/ul>\n\n\n\n<p>1 \u2013 M\u00e9langer la farine, le sel, la levure, le sucre, la poudre d\u2019amande et le sucre vanill\u00e9.<\/p>\n\n\n\n<p>2 \u2013 Ajouter le beurre fondu les \u0153ufs et le jus d\u2019orange.<\/p>\n\n\n\n<p>3 \u2013 Verser la pr\u00e9paration dans un moule et cuire 45 min \u00e0 180\u00b0.<\/p>\n\n\n\n<p>4 \u2013 M\u00e9langer le sucre glace avec 3 cuill\u00e8res \u00e0 soupe de jus d\u2019orange. Ajouter un peu de jus si n\u00e9cessaire afin d\u2019obtenir la consistance d\u2019une cr\u00e8me anglaise.<\/p>\n\n\n\n<p>5 \u2013 Napper le g\u00e2teau une fois refroidi et laisser s\u00e9cher le gla\u00e7age.<\/p>\n","protected":false},"excerpt":{"rendered":"<p>Pour le moelleux: 250 g de beurre 4 \u0153ufs 250 g de farine 250 g de sucre 125 g de poudre d\u2019amandes 1 sachet de levure \u00e0 p\u00e2tisserie 1 sachet de sucre vanill\u00e9 le jus d\u2019une orange bien m\u00fbre 1 pinc\u00e9e de sel Pour le gla\u00e7age&nbsp;: 150 g de sucre glace le jus d\u2019une orange [&hellip;]<\/p>\n","protected":false},"author":2,"featured_media":86,"comment_status":"closed","ping_status":"open","sticky":false,"template":"","format":"standard","meta":{"ocean_post_layout":"","ocean_both_sidebars_style":"","ocean_both_sidebars_content_width":0,"ocean_both_sidebars_sidebars_width":0,"ocean_sidebar":"","ocean_second_sidebar":"","ocean_disable_margins":"enable","ocean_add_body_class":"","ocean_shortcode_before_top_bar":"","ocean_shortcode_after_top_bar":"","ocean_shortcode_before_header":"","ocean_shortcode_after_header":"","ocean_has_shortcode":"","ocean_shortcode_after_title":"","ocean_shortcode_before_footer_widgets":"","ocean_shortcode_after_footer_widgets":"","ocean_shortcode_before_footer_bottom":"","ocean_shortcode_after_footer_bottom":"","ocean_display_top_bar":"default","ocean_display_header":"default","ocean_header_style":"","ocean_center_header_left_menu":"","ocean_custom_header_template":"","ocean_custom_logo":0,"ocean_custom_retina_logo":0,"ocean_custom_logo_max_width":0,"ocean_custom_logo_tablet_max_width":0,"ocean_custom_logo_mobile_max_width":0,"ocean_custom_logo_max_height":0,"ocean_custom_logo_tablet_max_height":0,"ocean_custom_logo_mobile_max_height":0,"ocean_header_custom_menu":"","ocean_menu_typo_font_family":"","ocean_menu_typo_font_subset":"","ocean_menu_typo_font_size":0,"ocean_menu_typo_font_size_tablet":0,"ocean_menu_typo_font_size_mobile":0,"ocean_menu_typo_font_size_unit":"px","ocean_menu_typo_font_weight":"","ocean_menu_typo_font_weight_tablet":"","ocean_menu_typo_font_weight_mobile":"","ocean_menu_typo_transform":"","ocean_menu_typo_transform_tablet":"","ocean_menu_typo_transform_mobile":"","ocean_menu_typo_line_height":0,"ocean_menu_typo_line_height_tablet":0,"ocean_menu_typo_line_height_mobile":0,"ocean_menu_typo_line_height_unit":"","ocean_menu_typo_spacing":0,"ocean_menu_typo_spacing_tablet":0,"ocean_menu_typo_spacing_mobile":0,"ocean_menu_typo_spacing_unit":"","ocean_menu_link_color":"","ocean_menu_link_color_hover":"","ocean_menu_link_color_active":"","ocean_menu_link_background":"","ocean_menu_link_hover_background":"","ocean_menu_link_active_background":"","ocean_menu_social_links_bg":"","ocean_menu_social_hover_links_bg":"","ocean_menu_social_links_color":"","ocean_menu_social_hover_links_color":"","ocean_disable_title":"default","ocean_disable_heading":"default","ocean_post_title":"","ocean_post_subheading":"","ocean_post_title_style":"","ocean_post_title_background_color":"","ocean_post_title_background":0,"ocean_post_title_bg_image_position":"","ocean_post_title_bg_image_attachment":"","ocean_post_title_bg_image_repeat":"","ocean_post_title_bg_image_size":"","ocean_post_title_height":0,"ocean_post_title_bg_overlay":0.5,"ocean_post_title_bg_overlay_color":"","ocean_disable_breadcrumbs":"default","ocean_breadcrumbs_color":"","ocean_breadcrumbs_separator_color":"","ocean_breadcrumbs_links_color":"","ocean_breadcrumbs_links_hover_color":"","ocean_display_footer_widgets":"default","ocean_display_footer_bottom":"default","ocean_custom_footer_template":"","ocean_post_oembed":"","ocean_post_self_hosted_media":"","ocean_post_video_embed":"","ocean_link_format":"","ocean_link_format_target":"self","ocean_quote_format":"","ocean_quote_format_link":"post","ocean_gallery_link_images":"on","ocean_gallery_id":[],"footnotes":""},"categories":[2],"tags":[],"yoast_head":"<!-- This site is optimized with the Yoast SEO plugin v22.8 - https:\/\/yoast.com\/wordpress\/plugins\/seo\/ -->\n<title>MOELLEUX ORANGE-AMANDES - MI\u00c0M by Emma<\/title>\n<meta name=\"robots\" content=\"index, follow, max-snippet:-1, max-image-preview:large, max-video-preview:-1\" \/>\n<link rel=\"canonical\" href=\"https:\/\/www.miam.cooking\/index.php\/2015\/09\/15\/moelleux-orange-amandes\/\" \/>\n<meta property=\"og:locale\" content=\"fr_FR\" \/>\n<meta property=\"og:type\" content=\"article\" \/>\n<meta property=\"og:title\" content=\"MOELLEUX ORANGE-AMANDES - MI\u00c0M by Emma\" \/>\n<meta property=\"og:description\" content=\"Pour le moelleux: 250 g de beurre 4 \u0153ufs 250 g de farine 250 g de sucre 125 g de poudre d\u2019amandes 1 sachet de levure \u00e0 p\u00e2tisserie 1 sachet de sucre vanill\u00e9 le jus d\u2019une orange bien m\u00fbre 1 pinc\u00e9e de sel Pour le gla\u00e7age&nbsp;: 150 g de sucre glace le jus d\u2019une orange [&hellip;]\" \/>\n<meta property=\"og:url\" content=\"https:\/\/www.miam.cooking\/index.php\/2015\/09\/15\/moelleux-orange-amandes\/\" \/>\n<meta property=\"og:site_name\" content=\"MI\u00c0M by Emma\" \/>\n<meta property=\"article:publisher\" content=\"https:\/\/www.facebook.com\/www.miam.cooking\" \/>\n<meta property=\"article:published_time\" content=\"2015-09-15T18:43:37+00:00\" \/>\n<meta property=\"article:modified_time\" content=\"2020-10-15T18:45:00+00:00\" \/>\n<meta property=\"og:image\" content=\"https:\/\/www.miam.cooking\/wp-content\/uploads\/2020\/10\/moelleux-orange-amandes-scaled.jpg\" \/>\n\t<meta property=\"og:image:width\" content=\"2123\" \/>\n\t<meta property=\"og:image:height\" content=\"2560\" \/>\n\t<meta property=\"og:image:type\" content=\"image\/jpeg\" \/>\n<meta name=\"author\" content=\"by Emma\" \/>\n<meta name=\"twitter:card\" content=\"summary_large_image\" \/>\n<meta name=\"twitter:label1\" content=\"\u00c9crit par\" \/>\n\t<meta name=\"twitter:data1\" content=\"by Emma\" \/>\n\t<meta name=\"twitter:label2\" content=\"Dur\u00e9e de lecture estim\u00e9e\" \/>\n\t<meta name=\"twitter:data2\" content=\"1 minute\" \/>\n<script type=\"application\/ld+json\" class=\"yoast-schema-graph\">{\"@context\":\"https:\/\/schema.org\",\"@graph\":[{\"@type\":\"Article\",\"@id\":\"https:\/\/www.miam.cooking\/index.php\/2015\/09\/15\/moelleux-orange-amandes\/#article\",\"isPartOf\":{\"@id\":\"https:\/\/www.miam.cooking\/index.php\/2015\/09\/15\/moelleux-orange-amandes\/\"},\"author\":{\"name\":\"by Emma\",\"@id\":\"http:\/\/www.miam.cooking\/#\/schema\/person\/ca5d7b07308f146bf144d09b7f29a6f3\"},\"headline\":\"MOELLEUX ORANGE-AMANDES\",\"datePublished\":\"2015-09-15T18:43:37+00:00\",\"dateModified\":\"2020-10-15T18:45:00+00:00\",\"mainEntityOfPage\":{\"@id\":\"https:\/\/www.miam.cooking\/index.php\/2015\/09\/15\/moelleux-orange-amandes\/\"},\"wordCount\":139,\"publisher\":{\"@id\":\"http:\/\/www.miam.cooking\/#organization\"},\"image\":{\"@id\":\"https:\/\/www.miam.cooking\/index.php\/2015\/09\/15\/moelleux-orange-amandes\/#primaryimage\"},\"thumbnailUrl\":\"https:\/\/www.miam.cooking\/wp-content\/uploads\/2020\/10\/moelleux-orange-amandes-scaled.jpg\",\"articleSection\":[\"Recettes by Emma\"],\"inLanguage\":\"fr-FR\"},{\"@type\":\"WebPage\",\"@id\":\"https:\/\/www.miam.cooking\/index.php\/2015\/09\/15\/moelleux-orange-amandes\/\",\"url\":\"https:\/\/www.miam.cooking\/index.php\/2015\/09\/15\/moelleux-orange-amandes\/\",\"name\":\"MOELLEUX ORANGE-AMANDES - MI\u00c0M by Emma\",\"isPartOf\":{\"@id\":\"http:\/\/www.miam.cooking\/#website\"},\"primaryImageOfPage\":{\"@id\":\"https:\/\/www.miam.cooking\/index.php\/2015\/09\/15\/moelleux-orange-amandes\/#primaryimage\"},\"image\":{\"@id\":\"https:\/\/www.miam.cooking\/index.php\/2015\/09\/15\/moelleux-orange-amandes\/#primaryimage\"},\"thumbnailUrl\":\"https:\/\/www.miam.cooking\/wp-content\/uploads\/2020\/10\/moelleux-orange-amandes-scaled.jpg\",\"datePublished\":\"2015-09-15T18:43:37+00:00\",\"dateModified\":\"2020-10-15T18:45:00+00:00\",\"breadcrumb\":{\"@id\":\"https:\/\/www.miam.cooking\/index.php\/2015\/09\/15\/moelleux-orange-amandes\/#breadcrumb\"},\"inLanguage\":\"fr-FR\",\"potentialAction\":[{\"@type\":\"ReadAction\",\"target\":[\"https:\/\/www.miam.cooking\/index.php\/2015\/09\/15\/moelleux-orange-amandes\/\"]}]},{\"@type\":\"ImageObject\",\"inLanguage\":\"fr-FR\",\"@id\":\"https:\/\/www.miam.cooking\/index.php\/2015\/09\/15\/moelleux-orange-amandes\/#primaryimage\",\"url\":\"https:\/\/www.miam.cooking\/wp-content\/uploads\/2020\/10\/moelleux-orange-amandes-scaled.jpg\",\"contentUrl\":\"https:\/\/www.miam.cooking\/wp-content\/uploads\/2020\/10\/moelleux-orange-amandes-scaled.jpg\",\"width\":2123,\"height\":2560},{\"@type\":\"BreadcrumbList\",\"@id\":\"https:\/\/www.miam.cooking\/index.php\/2015\/09\/15\/moelleux-orange-amandes\/#breadcrumb\",\"itemListElement\":[{\"@type\":\"ListItem\",\"position\":1,\"name\":\"Accueil\",\"item\":\"http:\/\/www.miam.cooking\/\"},{\"@type\":\"ListItem\",\"position\":2,\"name\":\"MOELLEUX ORANGE-AMANDES\"}]},{\"@type\":\"WebSite\",\"@id\":\"http:\/\/www.miam.cooking\/#website\",\"url\":\"http:\/\/www.miam.cooking\/\",\"name\":\"MI\u00c0M by Emma\",\"description\":\"Traiteur \u00e9v\u00e9nementiel sp\u00e9cialis\u00e9 dans la cr\u00e9ation de mets d\u00e9licieux et raffin\u00e9s pour tous types d&#039;\u00e9v\u00e9nements. Notre \u00e9quipe talentueuse travaille avec passion pour satisfaire les palais les plus exigeants. De plus, nous offrons \u00e9galement un service de cheffe priv\u00e9e, pour des exp\u00e9riences culinaires exclusives et personnalis\u00e9es selon vos go\u00fbts et vos besoins. Faites appel \u00e0 nous pour rendre votre \u00e9v\u00e9nement inoubliable et savoureux.\",\"publisher\":{\"@id\":\"http:\/\/www.miam.cooking\/#organization\"},\"potentialAction\":[{\"@type\":\"SearchAction\",\"target\":{\"@type\":\"EntryPoint\",\"urlTemplate\":\"http:\/\/www.miam.cooking\/?s={search_term_string}\"},\"query-input\":\"required name=search_term_string\"}],\"inLanguage\":\"fr-FR\"},{\"@type\":\"Organization\",\"@id\":\"http:\/\/www.miam.cooking\/#organization\",\"name\":\"MI\u00c0M by Emma\",\"url\":\"http:\/\/www.miam.cooking\/\",\"logo\":{\"@type\":\"ImageObject\",\"inLanguage\":\"fr-FR\",\"@id\":\"http:\/\/www.miam.cooking\/#\/schema\/logo\/image\/\",\"url\":\"https:\/\/www.miam.cooking\/wp-content\/uploads\/2022\/09\/new-logo-MIAM-carre.png\",\"contentUrl\":\"https:\/\/www.miam.cooking\/wp-content\/uploads\/2022\/09\/new-logo-MIAM-carre.png\",\"width\":595,\"height\":842,\"caption\":\"MI\u00c0M by Emma\"},\"image\":{\"@id\":\"http:\/\/www.miam.cooking\/#\/schema\/logo\/image\/\"},\"sameAs\":[\"https:\/\/www.facebook.com\/www.miam.cooking\",\"https:\/\/www.instagram.com\/miam.cooking\/\"]},{\"@type\":\"Person\",\"@id\":\"http:\/\/www.miam.cooking\/#\/schema\/person\/ca5d7b07308f146bf144d09b7f29a6f3\",\"name\":\"by Emma\",\"image\":{\"@type\":\"ImageObject\",\"inLanguage\":\"fr-FR\",\"@id\":\"http:\/\/www.miam.cooking\/#\/schema\/person\/image\/\",\"url\":\"https:\/\/secure.gravatar.com\/avatar\/553455fef7eb1d41f5ed41a36c311715?s=96&d=mm&r=g\",\"contentUrl\":\"https:\/\/secure.gravatar.com\/avatar\/553455fef7eb1d41f5ed41a36c311715?s=96&d=mm&r=g\",\"caption\":\"by Emma\"},\"url\":\"https:\/\/www.miam.cooking\/index.php\/author\/contactmiam-cooking\/\"}]}<\/script>\n<!-- \/ Yoast SEO plugin. -->","yoast_head_json":{"title":"MOELLEUX ORANGE-AMANDES - MI\u00c0M by Emma","robots":{"index":"index","follow":"follow","max-snippet":"max-snippet:-1","max-image-preview":"max-image-preview:large","max-video-preview":"max-video-preview:-1"},"canonical":"https:\/\/www.miam.cooking\/index.php\/2015\/09\/15\/moelleux-orange-amandes\/","og_locale":"fr_FR","og_type":"article","og_title":"MOELLEUX ORANGE-AMANDES - MI\u00c0M by Emma","og_description":"Pour le moelleux: 250 g de beurre 4 \u0153ufs 250 g de farine 250 g de sucre 125 g de poudre d\u2019amandes 1 sachet de levure \u00e0 p\u00e2tisserie 1 sachet de sucre vanill\u00e9 le jus d\u2019une orange bien m\u00fbre 1 pinc\u00e9e de sel Pour le gla\u00e7age&nbsp;: 150 g de sucre glace le jus d\u2019une orange [&hellip;]","og_url":"https:\/\/www.miam.cooking\/index.php\/2015\/09\/15\/moelleux-orange-amandes\/","og_site_name":"MI\u00c0M by Emma","article_publisher":"https:\/\/www.facebook.com\/www.miam.cooking","article_published_time":"2015-09-15T18:43:37+00:00","article_modified_time":"2020-10-15T18:45:00+00:00","og_image":[{"width":2123,"height":2560,"url":"https:\/\/www.miam.cooking\/wp-content\/uploads\/2020\/10\/moelleux-orange-amandes-scaled.jpg","type":"image\/jpeg"}],"author":"by Emma","twitter_card":"summary_large_image","twitter_misc":{"\u00c9crit par":"by Emma","Dur\u00e9e de lecture estim\u00e9e":"1 minute"},"schema":{"@context":"https:\/\/schema.org","@graph":[{"@type":"Article","@id":"https:\/\/www.miam.cooking\/index.php\/2015\/09\/15\/moelleux-orange-amandes\/#article","isPartOf":{"@id":"https:\/\/www.miam.cooking\/index.php\/2015\/09\/15\/moelleux-orange-amandes\/"},"author":{"name":"by Emma","@id":"http:\/\/www.miam.cooking\/#\/schema\/person\/ca5d7b07308f146bf144d09b7f29a6f3"},"headline":"MOELLEUX ORANGE-AMANDES","datePublished":"2015-09-15T18:43:37+00:00","dateModified":"2020-10-15T18:45:00+00:00","mainEntityOfPage":{"@id":"https:\/\/www.miam.cooking\/index.php\/2015\/09\/15\/moelleux-orange-amandes\/"},"wordCount":139,"publisher":{"@id":"http:\/\/www.miam.cooking\/#organization"},"image":{"@id":"https:\/\/www.miam.cooking\/index.php\/2015\/09\/15\/moelleux-orange-amandes\/#primaryimage"},"thumbnailUrl":"https:\/\/www.miam.cooking\/wp-content\/uploads\/2020\/10\/moelleux-orange-amandes-scaled.jpg","articleSection":["Recettes by Emma"],"inLanguage":"fr-FR"},{"@type":"WebPage","@id":"https:\/\/www.miam.cooking\/index.php\/2015\/09\/15\/moelleux-orange-amandes\/","url":"https:\/\/www.miam.cooking\/index.php\/2015\/09\/15\/moelleux-orange-amandes\/","name":"MOELLEUX ORANGE-AMANDES - MI\u00c0M by Emma","isPartOf":{"@id":"http:\/\/www.miam.cooking\/#website"},"primaryImageOfPage":{"@id":"https:\/\/www.miam.cooking\/index.php\/2015\/09\/15\/moelleux-orange-amandes\/#primaryimage"},"image":{"@id":"https:\/\/www.miam.cooking\/index.php\/2015\/09\/15\/moelleux-orange-amandes\/#primaryimage"},"thumbnailUrl":"https:\/\/www.miam.cooking\/wp-content\/uploads\/2020\/10\/moelleux-orange-amandes-scaled.jpg","datePublished":"2015-09-15T18:43:37+00:00","dateModified":"2020-10-15T18:45:00+00:00","breadcrumb":{"@id":"https:\/\/www.miam.cooking\/index.php\/2015\/09\/15\/moelleux-orange-amandes\/#breadcrumb"},"inLanguage":"fr-FR","potentialAction":[{"@type":"ReadAction","target":["https:\/\/www.miam.cooking\/index.php\/2015\/09\/15\/moelleux-orange-amandes\/"]}]},{"@type":"ImageObject","inLanguage":"fr-FR","@id":"https:\/\/www.miam.cooking\/index.php\/2015\/09\/15\/moelleux-orange-amandes\/#primaryimage","url":"https:\/\/www.miam.cooking\/wp-content\/uploads\/2020\/10\/moelleux-orange-amandes-scaled.jpg","contentUrl":"https:\/\/www.miam.cooking\/wp-content\/uploads\/2020\/10\/moelleux-orange-amandes-scaled.jpg","width":2123,"height":2560},{"@type":"BreadcrumbList","@id":"https:\/\/www.miam.cooking\/index.php\/2015\/09\/15\/moelleux-orange-amandes\/#breadcrumb","itemListElement":[{"@type":"ListItem","position":1,"name":"Accueil","item":"http:\/\/www.miam.cooking\/"},{"@type":"ListItem","position":2,"name":"MOELLEUX ORANGE-AMANDES"}]},{"@type":"WebSite","@id":"http:\/\/www.miam.cooking\/#website","url":"http:\/\/www.miam.cooking\/","name":"MI\u00c0M by Emma","description":"Traiteur \u00e9v\u00e9nementiel sp\u00e9cialis\u00e9 dans la cr\u00e9ation de mets d\u00e9licieux et raffin\u00e9s pour tous types d&#039;\u00e9v\u00e9nements. Notre \u00e9quipe talentueuse travaille avec passion pour satisfaire les palais les plus exigeants. De plus, nous offrons \u00e9galement un service de cheffe priv\u00e9e, pour des exp\u00e9riences culinaires exclusives et personnalis\u00e9es selon vos go\u00fbts et vos besoins. Faites appel \u00e0 nous pour rendre votre \u00e9v\u00e9nement inoubliable et savoureux.","publisher":{"@id":"http:\/\/www.miam.cooking\/#organization"},"potentialAction":[{"@type":"SearchAction","target":{"@type":"EntryPoint","urlTemplate":"http:\/\/www.miam.cooking\/?s={search_term_string}"},"query-input":"required name=search_term_string"}],"inLanguage":"fr-FR"},{"@type":"Organization","@id":"http:\/\/www.miam.cooking\/#organization","name":"MI\u00c0M by Emma","url":"http:\/\/www.miam.cooking\/","logo":{"@type":"ImageObject","inLanguage":"fr-FR","@id":"http:\/\/www.miam.cooking\/#\/schema\/logo\/image\/","url":"https:\/\/www.miam.cooking\/wp-content\/uploads\/2022\/09\/new-logo-MIAM-carre.png","contentUrl":"https:\/\/www.miam.cooking\/wp-content\/uploads\/2022\/09\/new-logo-MIAM-carre.png","width":595,"height":842,"caption":"MI\u00c0M by Emma"},"image":{"@id":"http:\/\/www.miam.cooking\/#\/schema\/logo\/image\/"},"sameAs":["https:\/\/www.facebook.com\/www.miam.cooking","https:\/\/www.instagram.com\/miam.cooking\/"]},{"@type":"Person","@id":"http:\/\/www.miam.cooking\/#\/schema\/person\/ca5d7b07308f146bf144d09b7f29a6f3","name":"by Emma","image":{"@type":"ImageObject","inLanguage":"fr-FR","@id":"http:\/\/www.miam.cooking\/#\/schema\/person\/image\/","url":"https:\/\/secure.gravatar.com\/avatar\/553455fef7eb1d41f5ed41a36c311715?s=96&d=mm&r=g","contentUrl":"https:\/\/secure.gravatar.com\/avatar\/553455fef7eb1d41f5ed41a36c311715?s=96&d=mm&r=g","caption":"by Emma"},"url":"https:\/\/www.miam.cooking\/index.php\/author\/contactmiam-cooking\/"}]}},"_links":{"self":[{"href":"https:\/\/www.miam.cooking\/index.php\/wp-json\/wp\/v2\/posts\/85"}],"collection":[{"href":"https:\/\/www.miam.cooking\/index.php\/wp-json\/wp\/v2\/posts"}],"about":[{"href":"https:\/\/www.miam.cooking\/index.php\/wp-json\/wp\/v2\/types\/post"}],"author":[{"embeddable":true,"href":"https:\/\/www.miam.cooking\/index.php\/wp-json\/wp\/v2\/users\/2"}],"replies":[{"embeddable":true,"href":"https:\/\/www.miam.cooking\/index.php\/wp-json\/wp\/v2\/comments?post=85"}],"version-history":[{"count":1,"href":"https:\/\/www.miam.cooking\/index.php\/wp-json\/wp\/v2\/posts\/85\/revisions"}],"predecessor-version":[{"id":87,"href":"https:\/\/www.miam.cooking\/index.php\/wp-json\/wp\/v2\/posts\/85\/revisions\/87"}],"wp:featuredmedia":[{"embeddable":true,"href":"https:\/\/www.miam.cooking\/index.php\/wp-json\/wp\/v2\/media\/86"}],"wp:attachment":[{"href":"https:\/\/www.miam.cooking\/index.php\/wp-json\/wp\/v2\/media?parent=85"}],"wp:term":[{"taxonomy":"category","embeddable":true,"href":"https:\/\/www.miam.cooking\/index.php\/wp-json\/wp\/v2\/categories?post=85"},{"taxonomy":"post_tag","embeddable":true,"href":"https:\/\/www.miam.cooking\/index.php\/wp-json\/wp\/v2\/tags?post=85"}],"curies":[{"name":"wp","href":"https:\/\/api.w.org\/{rel}","templated":true}]}}