{"id":162,"date":"2015-12-14T17:51:00","date_gmt":"2015-12-14T16:51:00","guid":{"rendered":"http:\/\/www.miam.cooking\/?p=162"},"modified":"2020-10-16T17:53:10","modified_gmt":"2020-10-16T15:53:10","slug":"creme-caramel-de-ma-grand-mere","status":"publish","type":"post","link":"https:\/\/www.miam.cooking\/index.php\/2015\/12\/14\/creme-caramel-de-ma-grand-mere\/","title":{"rendered":"CREME CARAMEL DE MA GRAND-MERE"},"content":{"rendered":"\n<blockquote class=\"wp-block-quote is-layout-flow wp-block-quote-is-layout-flow\"><p>Ce grand classique, tr\u00e8s simple \u00e0 r\u00e9aliser, fait pourtant toujours sensation aupr\u00e8s des grands comme des petits gourmands. Pour une cr\u00e8me caramel plus fondante r\u00e9duisez le temps de cuisson de 5 minutes. Si au contraire vous la pr\u00e9f\u00e9rez bien ferme, cuisez la 5 minutes de plus.<\/p><\/blockquote>\n\n\n\n<p>Pour 6 personnes (mais il n\u2019y en a jamais assez)&nbsp;:<\/p>\n\n\n\n<ul><li>1 litre de lait demi-\u00e9cr\u00e9m\u00e9<\/li><li>6 \u0153ufs<\/li><li>200 g de sucre + 150 g pour le caramel<\/li><li>1 gousse de vanille<\/li><\/ul>\n\n\n\n<p>1 \u2013 Mettre le lait \u00e0 bouillir avec la gousse de vanille pr\u00e9alablement fendue et gratt\u00e9e<\/p>\n\n\n\n<p>2 \u2013 Fouetter vigoureusement les \u0153ufs avec le sucre avant d\u2019y ajouter le lait encore bouillant sans cesser de fouetter, apr\u00e8s avoir retir\u00e9 la gousse de vanille<\/p>\n\n\n\n<p>3 \u2013 Faire fondre le reste du sucre dans une casserole jusqu\u2019\u00e0 ce qu\u2019il brunisse<\/p>\n\n\n\n<p>4 \u2013 Verser le caramel au fond d\u2019un moule puis le liquide&nbsp;par dessus sans m\u00e9langer<\/p>\n\n\n\n<p>5 \u2013 Cuire 50 minutes \u00e0 180\u00b0<\/p>\n","protected":false},"excerpt":{"rendered":"<p>Ce grand classique, tr\u00e8s simple \u00e0 r\u00e9aliser, fait pourtant toujours sensation aupr\u00e8s des grands comme des petits gourmands. Pour une cr\u00e8me caramel plus fondante r\u00e9duisez le temps de cuisson de 5 minutes. Si au contraire vous la pr\u00e9f\u00e9rez bien ferme, cuisez la 5 minutes de plus. Pour 6 personnes (mais il n\u2019y en a jamais [&hellip;]<\/p>\n","protected":false},"author":2,"featured_media":163,"comment_status":"closed","ping_status":"open","sticky":false,"template":"","format":"standard","meta":{"ocean_post_layout":"","ocean_both_sidebars_style":"","ocean_both_sidebars_content_width":0,"ocean_both_sidebars_sidebars_width":0,"ocean_sidebar":"","ocean_second_sidebar":"","ocean_disable_margins":"enable","ocean_add_body_class":"","ocean_shortcode_before_top_bar":"","ocean_shortcode_after_top_bar":"","ocean_shortcode_before_header":"","ocean_shortcode_after_header":"","ocean_has_shortcode":"","ocean_shortcode_after_title":"","ocean_shortcode_before_footer_widgets":"","ocean_shortcode_after_footer_widgets":"","ocean_shortcode_before_footer_bottom":"","ocean_shortcode_after_footer_bottom":"","ocean_display_top_bar":"default","ocean_display_header":"default","ocean_header_style":"","ocean_center_header_left_menu":"","ocean_custom_header_template":"","ocean_custom_logo":0,"ocean_custom_retina_logo":0,"ocean_custom_logo_max_width":0,"ocean_custom_logo_tablet_max_width":0,"ocean_custom_logo_mobile_max_width":0,"ocean_custom_logo_max_height":0,"ocean_custom_logo_tablet_max_height":0,"ocean_custom_logo_mobile_max_height":0,"ocean_header_custom_menu":"","ocean_menu_typo_font_family":"","ocean_menu_typo_font_subset":"","ocean_menu_typo_font_size":0,"ocean_menu_typo_font_size_tablet":0,"ocean_menu_typo_font_size_mobile":0,"ocean_menu_typo_font_size_unit":"px","ocean_menu_typo_font_weight":"","ocean_menu_typo_font_weight_tablet":"","ocean_menu_typo_font_weight_mobile":"","ocean_menu_typo_transform":"","ocean_menu_typo_transform_tablet":"","ocean_menu_typo_transform_mobile":"","ocean_menu_typo_line_height":0,"ocean_menu_typo_line_height_tablet":0,"ocean_menu_typo_line_height_mobile":0,"ocean_menu_typo_line_height_unit":"","ocean_menu_typo_spacing":0,"ocean_menu_typo_spacing_tablet":0,"ocean_menu_typo_spacing_mobile":0,"ocean_menu_typo_spacing_unit":"","ocean_menu_link_color":"","ocean_menu_link_color_hover":"","ocean_menu_link_color_active":"","ocean_menu_link_background":"","ocean_menu_link_hover_background":"","ocean_menu_link_active_background":"","ocean_menu_social_links_bg":"","ocean_menu_social_hover_links_bg":"","ocean_menu_social_links_color":"","ocean_menu_social_hover_links_color":"","ocean_disable_title":"default","ocean_disable_heading":"default","ocean_post_title":"","ocean_post_subheading":"","ocean_post_title_style":"","ocean_post_title_background_color":"","ocean_post_title_background":0,"ocean_post_title_bg_image_position":"","ocean_post_title_bg_image_attachment":"","ocean_post_title_bg_image_repeat":"","ocean_post_title_bg_image_size":"","ocean_post_title_height":0,"ocean_post_title_bg_overlay":0.5,"ocean_post_title_bg_overlay_color":"","ocean_disable_breadcrumbs":"default","ocean_breadcrumbs_color":"","ocean_breadcrumbs_separator_color":"","ocean_breadcrumbs_links_color":"","ocean_breadcrumbs_links_hover_color":"","ocean_display_footer_widgets":"default","ocean_display_footer_bottom":"default","ocean_custom_footer_template":"","ocean_post_oembed":"","ocean_post_self_hosted_media":"","ocean_post_video_embed":"","ocean_link_format":"","ocean_link_format_target":"self","ocean_quote_format":"","ocean_quote_format_link":"post","ocean_gallery_link_images":"on","ocean_gallery_id":[],"footnotes":""},"categories":[2],"tags":[],"yoast_head":"<!-- This site is optimized with the Yoast SEO plugin v22.8 - https:\/\/yoast.com\/wordpress\/plugins\/seo\/ -->\n<title>CREME CARAMEL DE MA GRAND-MERE - MI\u00c0M by Emma<\/title>\n<meta name=\"robots\" content=\"index, follow, max-snippet:-1, max-image-preview:large, max-video-preview:-1\" \/>\n<link rel=\"canonical\" href=\"https:\/\/www.miam.cooking\/index.php\/2015\/12\/14\/creme-caramel-de-ma-grand-mere\/\" \/>\n<meta property=\"og:locale\" content=\"fr_FR\" \/>\n<meta property=\"og:type\" content=\"article\" \/>\n<meta property=\"og:title\" content=\"CREME CARAMEL DE MA GRAND-MERE - MI\u00c0M by Emma\" \/>\n<meta property=\"og:description\" content=\"Ce grand classique, tr\u00e8s simple \u00e0 r\u00e9aliser, fait pourtant toujours sensation aupr\u00e8s des grands comme des petits gourmands. Pour une cr\u00e8me caramel plus fondante r\u00e9duisez le temps de cuisson de 5 minutes. Si au contraire vous la pr\u00e9f\u00e9rez bien ferme, cuisez la 5 minutes de plus. Pour 6 personnes (mais il n\u2019y en a jamais [&hellip;]\" \/>\n<meta property=\"og:url\" content=\"https:\/\/www.miam.cooking\/index.php\/2015\/12\/14\/creme-caramel-de-ma-grand-mere\/\" \/>\n<meta property=\"og:site_name\" content=\"MI\u00c0M by Emma\" \/>\n<meta property=\"article:publisher\" content=\"https:\/\/www.facebook.com\/www.miam.cooking\" \/>\n<meta property=\"article:published_time\" content=\"2015-12-14T16:51:00+00:00\" \/>\n<meta property=\"article:modified_time\" content=\"2020-10-16T15:53:10+00:00\" \/>\n<meta property=\"og:image\" content=\"https:\/\/www.miam.cooking\/wp-content\/uploads\/2020\/10\/img_3480-scaled.jpg\" \/>\n\t<meta property=\"og:image:width\" content=\"1920\" \/>\n\t<meta property=\"og:image:height\" content=\"2560\" \/>\n\t<meta property=\"og:image:type\" content=\"image\/jpeg\" \/>\n<meta name=\"author\" content=\"by Emma\" \/>\n<meta name=\"twitter:card\" content=\"summary_large_image\" \/>\n<meta name=\"twitter:label1\" content=\"\u00c9crit par\" \/>\n\t<meta name=\"twitter:data1\" content=\"by Emma\" \/>\n\t<meta name=\"twitter:label2\" content=\"Dur\u00e9e de lecture estim\u00e9e\" \/>\n\t<meta name=\"twitter:data2\" content=\"1 minute\" \/>\n<script type=\"application\/ld+json\" class=\"yoast-schema-graph\">{\"@context\":\"https:\/\/schema.org\",\"@graph\":[{\"@type\":\"Article\",\"@id\":\"https:\/\/www.miam.cooking\/index.php\/2015\/12\/14\/creme-caramel-de-ma-grand-mere\/#article\",\"isPartOf\":{\"@id\":\"https:\/\/www.miam.cooking\/index.php\/2015\/12\/14\/creme-caramel-de-ma-grand-mere\/\"},\"author\":{\"name\":\"by Emma\",\"@id\":\"http:\/\/www.miam.cooking\/#\/schema\/person\/ca5d7b07308f146bf144d09b7f29a6f3\"},\"headline\":\"CREME CARAMEL DE MA GRAND-MERE\",\"datePublished\":\"2015-12-14T16:51:00+00:00\",\"dateModified\":\"2020-10-16T15:53:10+00:00\",\"mainEntityOfPage\":{\"@id\":\"https:\/\/www.miam.cooking\/index.php\/2015\/12\/14\/creme-caramel-de-ma-grand-mere\/\"},\"wordCount\":158,\"publisher\":{\"@id\":\"http:\/\/www.miam.cooking\/#organization\"},\"image\":{\"@id\":\"https:\/\/www.miam.cooking\/index.php\/2015\/12\/14\/creme-caramel-de-ma-grand-mere\/#primaryimage\"},\"thumbnailUrl\":\"https:\/\/www.miam.cooking\/wp-content\/uploads\/2020\/10\/img_3480-scaled.jpg\",\"articleSection\":[\"Recettes by Emma\"],\"inLanguage\":\"fr-FR\"},{\"@type\":\"WebPage\",\"@id\":\"https:\/\/www.miam.cooking\/index.php\/2015\/12\/14\/creme-caramel-de-ma-grand-mere\/\",\"url\":\"https:\/\/www.miam.cooking\/index.php\/2015\/12\/14\/creme-caramel-de-ma-grand-mere\/\",\"name\":\"CREME CARAMEL DE MA GRAND-MERE - MI\u00c0M by Emma\",\"isPartOf\":{\"@id\":\"http:\/\/www.miam.cooking\/#website\"},\"primaryImageOfPage\":{\"@id\":\"https:\/\/www.miam.cooking\/index.php\/2015\/12\/14\/creme-caramel-de-ma-grand-mere\/#primaryimage\"},\"image\":{\"@id\":\"https:\/\/www.miam.cooking\/index.php\/2015\/12\/14\/creme-caramel-de-ma-grand-mere\/#primaryimage\"},\"thumbnailUrl\":\"https:\/\/www.miam.cooking\/wp-content\/uploads\/2020\/10\/img_3480-scaled.jpg\",\"datePublished\":\"2015-12-14T16:51:00+00:00\",\"dateModified\":\"2020-10-16T15:53:10+00:00\",\"breadcrumb\":{\"@id\":\"https:\/\/www.miam.cooking\/index.php\/2015\/12\/14\/creme-caramel-de-ma-grand-mere\/#breadcrumb\"},\"inLanguage\":\"fr-FR\",\"potentialAction\":[{\"@type\":\"ReadAction\",\"target\":[\"https:\/\/www.miam.cooking\/index.php\/2015\/12\/14\/creme-caramel-de-ma-grand-mere\/\"]}]},{\"@type\":\"ImageObject\",\"inLanguage\":\"fr-FR\",\"@id\":\"https:\/\/www.miam.cooking\/index.php\/2015\/12\/14\/creme-caramel-de-ma-grand-mere\/#primaryimage\",\"url\":\"https:\/\/www.miam.cooking\/wp-content\/uploads\/2020\/10\/img_3480-scaled.jpg\",\"contentUrl\":\"https:\/\/www.miam.cooking\/wp-content\/uploads\/2020\/10\/img_3480-scaled.jpg\",\"width\":1920,\"height\":2560},{\"@type\":\"BreadcrumbList\",\"@id\":\"https:\/\/www.miam.cooking\/index.php\/2015\/12\/14\/creme-caramel-de-ma-grand-mere\/#breadcrumb\",\"itemListElement\":[{\"@type\":\"ListItem\",\"position\":1,\"name\":\"Accueil\",\"item\":\"http:\/\/www.miam.cooking\/\"},{\"@type\":\"ListItem\",\"position\":2,\"name\":\"CREME CARAMEL DE MA GRAND-MERE\"}]},{\"@type\":\"WebSite\",\"@id\":\"http:\/\/www.miam.cooking\/#website\",\"url\":\"http:\/\/www.miam.cooking\/\",\"name\":\"MI\u00c0M by Emma\",\"description\":\"Traiteur \u00e9v\u00e9nementiel sp\u00e9cialis\u00e9 dans la cr\u00e9ation de mets d\u00e9licieux et raffin\u00e9s pour tous types d&#039;\u00e9v\u00e9nements. Notre \u00e9quipe talentueuse travaille avec passion pour satisfaire les palais les plus exigeants. De plus, nous offrons \u00e9galement un service de cheffe priv\u00e9e, pour des exp\u00e9riences culinaires exclusives et personnalis\u00e9es selon vos go\u00fbts et vos besoins. Faites appel \u00e0 nous pour rendre votre \u00e9v\u00e9nement inoubliable et savoureux.\",\"publisher\":{\"@id\":\"http:\/\/www.miam.cooking\/#organization\"},\"potentialAction\":[{\"@type\":\"SearchAction\",\"target\":{\"@type\":\"EntryPoint\",\"urlTemplate\":\"http:\/\/www.miam.cooking\/?s={search_term_string}\"},\"query-input\":\"required name=search_term_string\"}],\"inLanguage\":\"fr-FR\"},{\"@type\":\"Organization\",\"@id\":\"http:\/\/www.miam.cooking\/#organization\",\"name\":\"MI\u00c0M by Emma\",\"url\":\"http:\/\/www.miam.cooking\/\",\"logo\":{\"@type\":\"ImageObject\",\"inLanguage\":\"fr-FR\",\"@id\":\"http:\/\/www.miam.cooking\/#\/schema\/logo\/image\/\",\"url\":\"https:\/\/www.miam.cooking\/wp-content\/uploads\/2022\/09\/new-logo-MIAM-carre.png\",\"contentUrl\":\"https:\/\/www.miam.cooking\/wp-content\/uploads\/2022\/09\/new-logo-MIAM-carre.png\",\"width\":595,\"height\":842,\"caption\":\"MI\u00c0M by Emma\"},\"image\":{\"@id\":\"http:\/\/www.miam.cooking\/#\/schema\/logo\/image\/\"},\"sameAs\":[\"https:\/\/www.facebook.com\/www.miam.cooking\",\"https:\/\/www.instagram.com\/miam.cooking\/\"]},{\"@type\":\"Person\",\"@id\":\"http:\/\/www.miam.cooking\/#\/schema\/person\/ca5d7b07308f146bf144d09b7f29a6f3\",\"name\":\"by Emma\",\"image\":{\"@type\":\"ImageObject\",\"inLanguage\":\"fr-FR\",\"@id\":\"http:\/\/www.miam.cooking\/#\/schema\/person\/image\/\",\"url\":\"https:\/\/secure.gravatar.com\/avatar\/553455fef7eb1d41f5ed41a36c311715?s=96&d=mm&r=g\",\"contentUrl\":\"https:\/\/secure.gravatar.com\/avatar\/553455fef7eb1d41f5ed41a36c311715?s=96&d=mm&r=g\",\"caption\":\"by Emma\"},\"url\":\"https:\/\/www.miam.cooking\/index.php\/author\/contactmiam-cooking\/\"}]}<\/script>\n<!-- \/ Yoast SEO plugin. -->","yoast_head_json":{"title":"CREME CARAMEL DE MA GRAND-MERE - MI\u00c0M by Emma","robots":{"index":"index","follow":"follow","max-snippet":"max-snippet:-1","max-image-preview":"max-image-preview:large","max-video-preview":"max-video-preview:-1"},"canonical":"https:\/\/www.miam.cooking\/index.php\/2015\/12\/14\/creme-caramel-de-ma-grand-mere\/","og_locale":"fr_FR","og_type":"article","og_title":"CREME CARAMEL DE MA GRAND-MERE - MI\u00c0M by Emma","og_description":"Ce grand classique, tr\u00e8s simple \u00e0 r\u00e9aliser, fait pourtant toujours sensation aupr\u00e8s des grands comme des petits gourmands. Pour une cr\u00e8me caramel plus fondante r\u00e9duisez le temps de cuisson de 5 minutes. Si au contraire vous la pr\u00e9f\u00e9rez bien ferme, cuisez la 5 minutes de plus. Pour 6 personnes (mais il n\u2019y en a jamais [&hellip;]","og_url":"https:\/\/www.miam.cooking\/index.php\/2015\/12\/14\/creme-caramel-de-ma-grand-mere\/","og_site_name":"MI\u00c0M by Emma","article_publisher":"https:\/\/www.facebook.com\/www.miam.cooking","article_published_time":"2015-12-14T16:51:00+00:00","article_modified_time":"2020-10-16T15:53:10+00:00","og_image":[{"width":1920,"height":2560,"url":"https:\/\/www.miam.cooking\/wp-content\/uploads\/2020\/10\/img_3480-scaled.jpg","type":"image\/jpeg"}],"author":"by Emma","twitter_card":"summary_large_image","twitter_misc":{"\u00c9crit par":"by Emma","Dur\u00e9e de lecture estim\u00e9e":"1 minute"},"schema":{"@context":"https:\/\/schema.org","@graph":[{"@type":"Article","@id":"https:\/\/www.miam.cooking\/index.php\/2015\/12\/14\/creme-caramel-de-ma-grand-mere\/#article","isPartOf":{"@id":"https:\/\/www.miam.cooking\/index.php\/2015\/12\/14\/creme-caramel-de-ma-grand-mere\/"},"author":{"name":"by Emma","@id":"http:\/\/www.miam.cooking\/#\/schema\/person\/ca5d7b07308f146bf144d09b7f29a6f3"},"headline":"CREME CARAMEL DE MA GRAND-MERE","datePublished":"2015-12-14T16:51:00+00:00","dateModified":"2020-10-16T15:53:10+00:00","mainEntityOfPage":{"@id":"https:\/\/www.miam.cooking\/index.php\/2015\/12\/14\/creme-caramel-de-ma-grand-mere\/"},"wordCount":158,"publisher":{"@id":"http:\/\/www.miam.cooking\/#organization"},"image":{"@id":"https:\/\/www.miam.cooking\/index.php\/2015\/12\/14\/creme-caramel-de-ma-grand-mere\/#primaryimage"},"thumbnailUrl":"https:\/\/www.miam.cooking\/wp-content\/uploads\/2020\/10\/img_3480-scaled.jpg","articleSection":["Recettes by Emma"],"inLanguage":"fr-FR"},{"@type":"WebPage","@id":"https:\/\/www.miam.cooking\/index.php\/2015\/12\/14\/creme-caramel-de-ma-grand-mere\/","url":"https:\/\/www.miam.cooking\/index.php\/2015\/12\/14\/creme-caramel-de-ma-grand-mere\/","name":"CREME CARAMEL DE MA GRAND-MERE - MI\u00c0M by Emma","isPartOf":{"@id":"http:\/\/www.miam.cooking\/#website"},"primaryImageOfPage":{"@id":"https:\/\/www.miam.cooking\/index.php\/2015\/12\/14\/creme-caramel-de-ma-grand-mere\/#primaryimage"},"image":{"@id":"https:\/\/www.miam.cooking\/index.php\/2015\/12\/14\/creme-caramel-de-ma-grand-mere\/#primaryimage"},"thumbnailUrl":"https:\/\/www.miam.cooking\/wp-content\/uploads\/2020\/10\/img_3480-scaled.jpg","datePublished":"2015-12-14T16:51:00+00:00","dateModified":"2020-10-16T15:53:10+00:00","breadcrumb":{"@id":"https:\/\/www.miam.cooking\/index.php\/2015\/12\/14\/creme-caramel-de-ma-grand-mere\/#breadcrumb"},"inLanguage":"fr-FR","potentialAction":[{"@type":"ReadAction","target":["https:\/\/www.miam.cooking\/index.php\/2015\/12\/14\/creme-caramel-de-ma-grand-mere\/"]}]},{"@type":"ImageObject","inLanguage":"fr-FR","@id":"https:\/\/www.miam.cooking\/index.php\/2015\/12\/14\/creme-caramel-de-ma-grand-mere\/#primaryimage","url":"https:\/\/www.miam.cooking\/wp-content\/uploads\/2020\/10\/img_3480-scaled.jpg","contentUrl":"https:\/\/www.miam.cooking\/wp-content\/uploads\/2020\/10\/img_3480-scaled.jpg","width":1920,"height":2560},{"@type":"BreadcrumbList","@id":"https:\/\/www.miam.cooking\/index.php\/2015\/12\/14\/creme-caramel-de-ma-grand-mere\/#breadcrumb","itemListElement":[{"@type":"ListItem","position":1,"name":"Accueil","item":"http:\/\/www.miam.cooking\/"},{"@type":"ListItem","position":2,"name":"CREME CARAMEL DE MA GRAND-MERE"}]},{"@type":"WebSite","@id":"http:\/\/www.miam.cooking\/#website","url":"http:\/\/www.miam.cooking\/","name":"MI\u00c0M by Emma","description":"Traiteur \u00e9v\u00e9nementiel sp\u00e9cialis\u00e9 dans la cr\u00e9ation de mets d\u00e9licieux et raffin\u00e9s pour tous types d&#039;\u00e9v\u00e9nements. Notre \u00e9quipe talentueuse travaille avec passion pour satisfaire les palais les plus exigeants. De plus, nous offrons \u00e9galement un service de cheffe priv\u00e9e, pour des exp\u00e9riences culinaires exclusives et personnalis\u00e9es selon vos go\u00fbts et vos besoins. Faites appel \u00e0 nous pour rendre votre \u00e9v\u00e9nement inoubliable et savoureux.","publisher":{"@id":"http:\/\/www.miam.cooking\/#organization"},"potentialAction":[{"@type":"SearchAction","target":{"@type":"EntryPoint","urlTemplate":"http:\/\/www.miam.cooking\/?s={search_term_string}"},"query-input":"required name=search_term_string"}],"inLanguage":"fr-FR"},{"@type":"Organization","@id":"http:\/\/www.miam.cooking\/#organization","name":"MI\u00c0M by Emma","url":"http:\/\/www.miam.cooking\/","logo":{"@type":"ImageObject","inLanguage":"fr-FR","@id":"http:\/\/www.miam.cooking\/#\/schema\/logo\/image\/","url":"https:\/\/www.miam.cooking\/wp-content\/uploads\/2022\/09\/new-logo-MIAM-carre.png","contentUrl":"https:\/\/www.miam.cooking\/wp-content\/uploads\/2022\/09\/new-logo-MIAM-carre.png","width":595,"height":842,"caption":"MI\u00c0M by Emma"},"image":{"@id":"http:\/\/www.miam.cooking\/#\/schema\/logo\/image\/"},"sameAs":["https:\/\/www.facebook.com\/www.miam.cooking","https:\/\/www.instagram.com\/miam.cooking\/"]},{"@type":"Person","@id":"http:\/\/www.miam.cooking\/#\/schema\/person\/ca5d7b07308f146bf144d09b7f29a6f3","name":"by Emma","image":{"@type":"ImageObject","inLanguage":"fr-FR","@id":"http:\/\/www.miam.cooking\/#\/schema\/person\/image\/","url":"https:\/\/secure.gravatar.com\/avatar\/553455fef7eb1d41f5ed41a36c311715?s=96&d=mm&r=g","contentUrl":"https:\/\/secure.gravatar.com\/avatar\/553455fef7eb1d41f5ed41a36c311715?s=96&d=mm&r=g","caption":"by Emma"},"url":"https:\/\/www.miam.cooking\/index.php\/author\/contactmiam-cooking\/"}]}},"_links":{"self":[{"href":"https:\/\/www.miam.cooking\/index.php\/wp-json\/wp\/v2\/posts\/162"}],"collection":[{"href":"https:\/\/www.miam.cooking\/index.php\/wp-json\/wp\/v2\/posts"}],"about":[{"href":"https:\/\/www.miam.cooking\/index.php\/wp-json\/wp\/v2\/types\/post"}],"author":[{"embeddable":true,"href":"https:\/\/www.miam.cooking\/index.php\/wp-json\/wp\/v2\/users\/2"}],"replies":[{"embeddable":true,"href":"https:\/\/www.miam.cooking\/index.php\/wp-json\/wp\/v2\/comments?post=162"}],"version-history":[{"count":1,"href":"https:\/\/www.miam.cooking\/index.php\/wp-json\/wp\/v2\/posts\/162\/revisions"}],"predecessor-version":[{"id":164,"href":"https:\/\/www.miam.cooking\/index.php\/wp-json\/wp\/v2\/posts\/162\/revisions\/164"}],"wp:featuredmedia":[{"embeddable":true,"href":"https:\/\/www.miam.cooking\/index.php\/wp-json\/wp\/v2\/media\/163"}],"wp:attachment":[{"href":"https:\/\/www.miam.cooking\/index.php\/wp-json\/wp\/v2\/media?parent=162"}],"wp:term":[{"taxonomy":"category","embeddable":true,"href":"https:\/\/www.miam.cooking\/index.php\/wp-json\/wp\/v2\/categories?post=162"},{"taxonomy":"post_tag","embeddable":true,"href":"https:\/\/www.miam.cooking\/index.php\/wp-json\/wp\/v2\/tags?post=162"}],"curies":[{"name":"wp","href":"https:\/\/api.w.org\/{rel}","templated":true}]}}